[{"@context":"https:\/\/schema.org\/","@type":"Article","@id":"https:\/\/www.public08.cz\/podzimni-navstevy-hradu-a-zamku\/#Article","mainEntityOfPage":"https:\/\/www.public08.cz\/podzimni-navstevy-hradu-a-zamku\/","headline":"Podzimn\u00ed n\u00e1v\u0161t\u011bvy hrad\u016f a z\u00e1mk\u016f","name":"Podzimn\u00ed n\u00e1v\u0161t\u011bvy hrad\u016f a z\u00e1mk\u016f","description":"Jak l\u00e9pe si zp\u0159\u00edjemnit voln\u00fd v\u00edkend ne\u017e jednodenn\u00edm v\u00fdletem? Postupn\u011b se ochlazuj\u00edc\u00ed po\u010das\u00ed sice pozvolna omezuje venkovn\u00ed letn\u00ed aktivity, na kter\u00e9 jsme byli do te\u010f zvykl\u00ed, ale na druhou stranu je nahrazuje jin\u00fdmi. A pokud V\u00e1m kv\u016fli de\u0161ti nevyjde proch\u00e1zka \u010di t\u00fara do p\u0159\u00edrody, m\u011bjte na pam\u011bti, \u017ee se st\u00e1le m\u016f\u017eete j\u00edt proch\u00e1zet po interi\u00e9rech &hellip; <p class=\"link-more\"><a href=\"https:\/\/www.public08.cz\/podzimni-navstevy-hradu-a-zamku\/\" class=\"more-link\">Pokra\u010dovat ve \u010dten\u00ed<span class=\"screen-reader-text\"> \"Podzimn\u00ed n\u00e1v\u0161t\u011bvy hrad\u016f a z\u00e1mk\u016f\"<\/span><\/a><\/p>","datePublished":"2018-09-09","dateModified":"2023-04-29","author":{"@type":"Person","@id":"https:\/\/www.public08.cz\/author\/#Person","name":"public08.cz\n","url":"https:\/\/www.public08.cz\/author\/","identifier":1,"image":{"@type":"ImageObject","@id":"https:\/\/secure.gravatar.com\/avatar\/4e6a74466e4227c12d5306875d08720cdfce3572213740db6f4a2e5e46e710ff?s=96&d=mm&r=g","url":"https:\/\/secure.gravatar.com\/avatar\/4e6a74466e4227c12d5306875d08720cdfce3572213740db6f4a2e5e46e710ff?s=96&d=mm&r=g","height":96,"width":96}},"publisher":{"@type":"Organization","name":"public08.cz","logo":{"@type":"ImageObject","@id":"\/logo.png","url":"\/logo.png","width":600,"height":60}},"image":{"@type":"ImageObject","@id":"https:\/\/www.public08.cz\/wp-content\/uploads\/img_a324377_w2033_t1536176132.jpg","url":"https:\/\/www.public08.cz\/wp-content\/uploads\/img_a324377_w2033_t1536176132.jpg","height":0,"width":0},"url":"https:\/\/www.public08.cz\/podzimni-navstevy-hradu-a-zamku\/","about":["Z\u00e1bava"],"wordCount":497,"articleBody":"Jak l\u00e9pe si zp\u0159\u00edjemnit voln\u00fd v\u00edkend ne\u017e jednodenn\u00edm v\u00fdletem? Postupn\u011b se ochlazuj\u00edc\u00ed po\u010das\u00ed sice pozvolna omezuje venkovn\u00ed letn\u00ed aktivity, na kter\u00e9 jsme byli do te\u010f zvykl\u00ed, ale na druhou stranu je nahrazuje jin\u00fdmi. A pokud V\u00e1m kv\u016fli de\u0161ti nevyjde proch\u00e1zka \u010di t\u00fara do p\u0159\u00edrody, m\u011bjte na pam\u011bti, \u017ee se st\u00e1le m\u016f\u017eete j\u00edt proch\u00e1zet po interi\u00e9rech hrad\u016f a z\u00e1mk\u016f!Otev\u00edrac\u00ed doba P\u0159esto, \u017ee se vyskytuj\u00ed odli\u0161nosti, v\u011bt\u0161ina hrad\u016f a z\u00e1mk\u016f se v otev\u00edrac\u00ed dob\u011b a dob\u011b prohl\u00eddek shoduje. Pro n\u00e1v\u0161t\u011bvn\u00edky maj\u00ed otev\u0159enou br\u00e1nu od \u00fater\u00fd do ned\u011ble, v pond\u011bl\u00ed b\u00fdv\u00e1 zav\u0159eno. Nen\u00ed tomu tak v\u0161ak v\u017edy. Nap\u0159\u00edklad Pra\u017esk\u00fd hrad, z\u00e1mek Sychrov nebo hrad Loket maj\u00ed otev\u0159eno i v pond\u011bl\u00ed a nav\u00edc i po cel\u00fd rok. B\u011bhem letn\u00edch pr\u00e1zdnin (kter\u00e9 jsou bohu\u017eel za n\u00e1mi) otev\u00edraj\u00ed v pond\u011bl\u00ed i Karl\u0161tejn \u010di Hlubok\u00e1, s koncem pr\u00e1zdnin se vrac\u00ed do norm\u00e1ln\u00edho b\u011b\u017en\u00e9ho provozu. Pot\u00e9 jsou tu pam\u00e1tky, kter\u00e9 na podzim (cca od konce \u0159\u00edjna) vzhledem k provozn\u00edm podm\u00ednk\u00e1m \u00fapln\u011b zav\u00edraj\u00ed. Chcete-li tedy stihnout tento rok nav\u0161t\u00edvit z\u00e1mek Vizovice, Lemberk nebo N\u00e1chod, posp\u011b\u0161te si. P\u0159i objedn\u00e1vce jde tak\u00e9 z\u00edskat jednu z posledn\u00edch speci\u00e1ln\u00edch prohl\u00eddek s tematick\u00fdm zam\u011b\u0159en\u00edm, je\u017e slavnostn\u011b zavr\u0161\u00ed leto\u0161n\u00ed sez\u00f3nu. Tyto \u010dasto speci\u00e1ln\u00ed a z\u00e1bavn\u00e9 trasy jist\u011b pobav\u00ed i men\u0161\u00ed.S d\u011btmi? N\u011bkter\u00e9mu z d\u011bt\u00ed se nemus\u00ed nejd\u0159\u00edve p\u0159\u00edli\u0161 cht\u00edt str\u00e1vit 1 a\u017e 2 hodiny chozen\u00edm z m\u00edstnosti do m\u00edstnosti s v\u00fdkladem. Proto spousta prohl\u00eddek je na to p\u0159ipravena a obohacena o zpest\u0159en\u00ed, kter\u00e1 pom\u00e1haj\u00ed udr\u017eet pozornost. Rozlu\u010dkov\u00e9 speci\u00e1ln\u00ed prohl\u00eddky (27. a\u017e 28. \u0159\u00edjna) rozhodn\u011b p\u0159ipadaj\u00ed v \u00favahu. Nav\u00edc m\u016f\u017eete vzbudit zv\u011bdavost d\u011bt\u00ed tajemnou historkou, vztahuj\u00edc\u00ed se k objektu, \u010di p\u0159\u00edb\u011bhem. Daj\u00ed se jich naj\u00edt spousty ! Nach\u00e1z\u00ed-li se vybran\u00e1 pam\u00e1tka ve v\u011bt\u0161\u00ed vzd\u00e1lenosti, v\u011bnujte cestu k n\u00ed vypr\u00e1v\u011bn\u00ed. Existuj\u00ed cel\u00e9 knihy pov\u00eddek. Zaj\u00edmav\u00fdm spojen\u00edm poh\u00e1dek a prohl\u00eddky najdete na hradu a z\u00e1mku Star\u00e9 Hrady. T\u0159eba tak\u00e9 probud\u00edte z\u00e1jem zakoupen\u00edm turistick\u00e9ho den\u00edku, kam si budou d\u011bti moci lepit samolepky m\u00edst, kter\u00e1 nav\u0161t\u00edv\u00ed. Pro zp\u0159\u00edjemn\u011bn\u00ed cesty p\u00e1ru nebo osob\u011b bez d\u011bt\u00ed poslou\u017e\u00ed vinn\u00e9 sklepy Ji\u0159\u00edho Lobkowicze u M\u011bln\u00edku, z\u00e1mek a pivovar v D\u011btenic\u00edch \u010di D\u011b\u010d\u00edn s kon\u00edrnou. Wellness nab\u00eddne Libnice \u2013 po dlouh\u00e9 prohl\u00eddce je t\u0159eba chvilku relaxovat. U\u017e se t\u011b\u0161\u00edte?                                                                                                                                                                                                                                                                                                                                                                                        4.2\/5 - (9 votes)        "},{"@context":"https:\/\/schema.org\/","@type":"BreadcrumbList","itemListElement":[{"@type":"ListItem","position":1,"name":"Podzimn\u00ed n\u00e1v\u0161t\u011bvy hrad\u016f a z\u00e1mk\u016f","item":"https:\/\/www.public08.cz\/podzimni-navstevy-hradu-a-zamku\/#breadcrumbitem"}]}]