[{"@context":"https:\/\/schema.org\/","@type":"Article","@id":"https:\/\/www.public08.cz\/plany-nejsou-tak-spatne\/#Article","mainEntityOfPage":"https:\/\/www.public08.cz\/plany-nejsou-tak-spatne\/","headline":"Pl\u00e1ny nejsou tak \u0161patn\u00e9","name":"Pl\u00e1ny nejsou tak \u0161patn\u00e9","description":"Vzpom\u00edn\u00e1te si na \u010deskou komedii Jak b\u00e1sn\u00edk\u016fm chutn\u00e1 \u017eivot? Hlavn\u00ed hrdina se tam vysm\u00edv\u00e1 pl\u00e1nov\u00e1n\u00ed v \u017eivot\u011b. Ale je pl\u00e1nov\u00e1n\u00ed \u0161patn\u00e9? Ur\u010dit\u011b se sn\u00e1ze \u017eije lidem, kte\u0159\u00ed si \u017eivot dok\u00e1\u017e\u00ed napl\u00e1novat. Nejde o to vypracovat p\u0159esn\u00fd pl\u00e1n a striktn\u011b trvat na jeho dodr\u017eov\u00e1n\u00ed, ale ur\u010dit\u011b nen\u00ed od v\u011bci, kdy\u017e m\u00e1me v hlav\u011b ur\u010dit\u00fd koncept toho, &hellip; <p class=\"link-more\"><a href=\"https:\/\/www.public08.cz\/plany-nejsou-tak-spatne\/\" class=\"more-link\">Pokra\u010dovat ve \u010dten\u00ed<span class=\"screen-reader-text\"> \"Pl\u00e1ny nejsou tak \u0161patn\u00e9\"<\/span><\/a><\/p>","datePublished":"2025-03-02","dateModified":"2023-04-29","author":{"@type":"Person","@id":"https:\/\/www.public08.cz\/author\/#Person","name":"public08.cz\n","url":"https:\/\/www.public08.cz\/author\/","identifier":1,"image":{"@type":"ImageObject","@id":"https:\/\/secure.gravatar.com\/avatar\/4e6a74466e4227c12d5306875d08720cdfce3572213740db6f4a2e5e46e710ff?s=96&d=mm&r=g","url":"https:\/\/secure.gravatar.com\/avatar\/4e6a74466e4227c12d5306875d08720cdfce3572213740db6f4a2e5e46e710ff?s=96&d=mm&r=g","height":96,"width":96}},"publisher":{"@type":"Organization","name":"public08.cz","logo":{"@type":"ImageObject","@id":"\/logo.png","url":"\/logo.png","width":600,"height":60}},"image":{"@type":"ImageObject","@id":"https:\/\/www.public08.cz\/wp-content\/uploads\/img_a295238_w2033_t1506763515.jpg","url":"https:\/\/www.public08.cz\/wp-content\/uploads\/img_a295238_w2033_t1506763515.jpg","height":0,"width":0},"url":"https:\/\/www.public08.cz\/plany-nejsou-tak-spatne\/","about":["\u017divotn\u00ed styl"],"wordCount":483,"articleBody":"Vzpom\u00edn\u00e1te si na \u010deskou komedii Jak b\u00e1sn\u00edk\u016fm chutn\u00e1 \u017eivot? Hlavn\u00ed hrdina se tam vysm\u00edv\u00e1 pl\u00e1nov\u00e1n\u00ed v \u017eivot\u011b. Ale je pl\u00e1nov\u00e1n\u00ed \u0161patn\u00e9? Ur\u010dit\u011b se sn\u00e1ze \u017eije lidem, kte\u0159\u00ed si \u017eivot dok\u00e1\u017e\u00ed napl\u00e1novat. Nejde o to vypracovat p\u0159esn\u00fd pl\u00e1n a striktn\u011b trvat na jeho dodr\u017eov\u00e1n\u00ed, ale ur\u010dit\u011b nen\u00ed od v\u011bci, kdy\u017e m\u00e1me v hlav\u011b ur\u010dit\u00fd koncept toho, \u010deho chceme v \u017eivot\u011b dos\u00e1hnout a v jak\u00e9m zhruba \u017eivotn\u00edm obdob\u00ed. Tak\u00e9 bychom m\u011bli m\u00edt jasno, jak\u00e9 budou na\u0161e \u017eivotn\u00ed priority, jak\u00fd \u017eivotn\u00ed styl chceme zvolit. Nen\u00ed nic hor\u0161\u00edho, ne\u017e kdy\u017e lid\u00e9 hledaj\u00ed neust\u00e1le to, co by je uspokojilo a jejich \u017eivot je jeden velk\u00fd zmatek, kter\u00fd bohu\u017eel p\u0159ed\u00e1vaj\u00ed vlastn\u00edm d\u011btem. Je dobr\u00e9, kdy\u017e to maj\u00ed u\u017e mlad\u00ed lid\u00e9 v hlav\u011b trochu srovnan\u00e9. Poj\u010fme se pod\u00edvat na jednotliv\u00e9 f\u00e1ze dosp\u011bl\u00e9ho \u017eivota.\u00a0\t\u017divotn\u00ed f\u00e1ze\t\tMl\u00e1d\u00ed.Toto obdob\u00ed nemaj\u00ed rodi\u010de p\u0159\u00edli\u0161 v l\u00e1sce, proto\u017ee v tomto obdob\u00ed mlad\u00ed lid\u00e9 opravdu nezodpov\u011bdn\u011b experimentuj\u00ed. Nicm\u00e9n\u011b nen\u00ed t\u0159eba zase v\u0161e dramatizovat. V ml\u00e1d\u00ed si maj\u00ed lid\u00e9 u\u017e\u00edvat. Pokud si nebudou u\u017e\u00edvat v ml\u00e1d\u00ed, pozd\u011bji budou m\u00edt pocit, \u017ee jim n\u011bco uteklo a m\u016f\u017ee b\u00fdt zle. Nicm\u00e9n\u011b je vhodn\u00e9, kdy\u017e rodi\u010de mlad\u00e9 po\u0161lou hezky do sv\u011bta. \u010c\u00edm v\u00edce budou m\u00edt pocit zodpov\u011bdnosti za vlastn\u00ed \u017eivot, t\u00edm m\u00e9n\u011b budou m\u00edt prostor pro extr\u00e9my.\t\tMlad\u00e1 dosp\u011blost.Obdob\u00ed, kdy je dobr\u00e9 zapustit ko\u0159eny. Mnoz\u00ed lid\u00e9 to vn\u00edmaj\u00ed v sou\u010dasn\u00e9 dob\u011b jako prodlou\u017een\u00e9 ml\u00e1d\u00ed, ale jen t\u00edm marn\u00ed sv\u00e9 nejlep\u0161\u00ed roky. Je vhodn\u00e9 vybudovat si dobrou pozici v zam\u011bstn\u00e1n\u00ed, vybudovat domov a zplodit d\u011bti. Pr\u00e1v\u011b to posledn\u00ed mlad\u00ed lid\u00e9 odsouvaj\u00ed a pak je jim hodn\u011b p\u0159es t\u0159icet a najednou to nejde. Z biologick\u00e9ho hlediska je to ov\u0161em pr\u00e1v\u011b nyn\u00ed vhodn\u00e9.\t\tSt\u0159edn\u00ed dosp\u011blost.Obdob\u00ed budov\u00e1n\u00ed. Vychov\u00e1v\u00e1me novou generaci, v zam\u011bstn\u00e1n\u00ed z\u00edsk\u00e1v\u00e1me st\u00e1le siln\u011bj\u0161\u00ed pozici, vytv\u00e1\u0159\u00edme mnoho hodnot. Jedn\u00e1 se o nejproduktivn\u011bj\u0161\u00ed obdob\u00ed v lidsk\u00e9m \u017eivot\u011b.\t\tZralost.V tomto obdob\u00ed odch\u00e1zej\u00ed d\u011bti z domova. V pr\u00e1ci za\u010d\u00ednaj\u00ed m\u00edt navrch ti mlad\u0161\u00ed. Je to obdob\u00ed, kter\u00e9 m\u016f\u017ee prov\u00e1zet frustrace. Z\u00e1rove\u0148 m\u016f\u017eeme svou pozornost upnout k jin\u00fdm hodnot\u00e1m.\t\tSt\u00e1\u0159\u00ed.V tomto obdob\u00ed v\u00edme, \u017ee \u017eivotn\u00ed styl u\u017e nem\u016f\u017eeme zm\u011bnit. Jsme na konci cesty. N\u011bkdy nejsme z vlastn\u00edho \u017eivota \u00fapln\u011b nad\u0161en\u00ed a je t\u0159eba se s t\u00edm sm\u00ed\u0159it a um\u011bt odevzdat \u017eivotu to, co se n\u00e1m \u00fapln\u011b nepoda\u0159ilo.                                                                                                                                                                                                                                                                                                                                                                                        4.7\/5 - (3 votes)        "},{"@context":"https:\/\/schema.org\/","@type":"BreadcrumbList","itemListElement":[{"@type":"ListItem","position":1,"name":"Pl\u00e1ny nejsou tak \u0161patn\u00e9","item":"https:\/\/www.public08.cz\/plany-nejsou-tak-spatne\/#breadcrumbitem"}]}]