[{"@context":"https:\/\/schema.org\/","@type":"Blog","@id":"https:\/\/www.public08.cz#Blog","headline":"Public08","description":"\nPot\u0159ebujete ud\u011blat sv\u00fdm produkt\u016fm a slu\u017eb\u00e1m vhodnou reklamu? Chcete propagovat a z\u00e1rove\u0148 svoje z\u00e1kazn\u00edky p\u0159\u00edjemn\u011b zabavit? I va\u0161i z\u00e1kazn\u00edci r\u00e1di \u010dtou a proto jsou vhodn\u00fdm \u0159e\u0161en\u00edm PR \u010dl\u00e1nky publikovan\u00e9 na na\u0161em webu.","url":"https:\/\/www.public08.cz","hasPart":[{"@type":"Article","@id":"https:\/\/www.public08.cz\/kdyz-se-rekne-vnitrek-domu\/","headline":"Kdy\u017e se \u0159ekne vnit\u0159ek domu","url":"https:\/\/www.public08.cz\/kdyz-se-rekne-vnitrek-domu\/","datePublished":"2025-08-12","dateModified":"2025-08-12","mainEntityOfPage":"https:\/\/www.public08.cz\/kdyz-se-rekne-vnitrek-domu\/","author":{"@type":"Person","@id":"https:\/\/www.public08.cz\/author\/#Person","name":"public08.cz\n","url":"https:\/\/www.public08.cz\/author\/","identifier":1,"image":{"@type":"ImageObject","@id":"https:\/\/secure.gravatar.com\/avatar\/4e6a74466e4227c12d5306875d08720cdfce3572213740db6f4a2e5e46e710ff?s=96&d=mm&r=g","url":"https:\/\/secure.gravatar.com\/avatar\/4e6a74466e4227c12d5306875d08720cdfce3572213740db6f4a2e5e46e710ff?s=96&d=mm&r=g","height":96,"width":96}},"publisher":{"@type":"Organization","name":"public08.cz","logo":{"@type":"ImageObject","@id":"\/logo.png","url":"\/logo.png","width":600,"height":60}},"image":null,"wordCount":213,"keywords":null},{"@type":"Article","@id":"https:\/\/www.public08.cz\/co-obnasi-mit-doma-plastova-okna\/","headline":"Co obn\u00e1\u0161\u00ed m\u00edt doma plastov\u00e1 okna","url":"https:\/\/www.public08.cz\/co-obnasi-mit-doma-plastova-okna\/","datePublished":"2025-08-08","dateModified":"2025-08-08","mainEntityOfPage":"https:\/\/www.public08.cz\/co-obnasi-mit-doma-plastova-okna\/","author":{"@type":"Person","@id":"https:\/\/www.public08.cz\/author\/#Person","name":"public08.cz\n","url":"https:\/\/www.public08.cz\/author\/","identifier":1,"image":{"@type":"ImageObject","@id":"https:\/\/secure.gravatar.com\/avatar\/4e6a74466e4227c12d5306875d08720cdfce3572213740db6f4a2e5e46e710ff?s=96&d=mm&r=g","url":"https:\/\/secure.gravatar.com\/avatar\/4e6a74466e4227c12d5306875d08720cdfce3572213740db6f4a2e5e46e710ff?s=96&d=mm&r=g","height":96,"width":96}},"publisher":{"@type":"Organization","name":"public08.cz","logo":{"@type":"ImageObject","@id":"\/logo.png","url":"\/logo.png","width":600,"height":60}},"image":{"@type":"ImageObject","@id":"https:\/\/www.public08.cz\/wp-content\/uploads\/interior-4130765_640_1.jpg","url":"https:\/\/www.public08.cz\/wp-content\/uploads\/interior-4130765_640_1.jpg","height":0,"width":0},"wordCount":632,"keywords":null},{"@type":"Article","@id":"https:\/\/www.public08.cz\/krasne-i-prakticke\/","headline":"Kr\u00e1sn\u00e9 i praktick\u00e9","url":"https:\/\/www.public08.cz\/krasne-i-prakticke\/","datePublished":"2025-08-05","dateModified":"2025-08-05","mainEntityOfPage":"https:\/\/www.public08.cz\/krasne-i-prakticke\/","author":{"@type":"Person","@id":"https:\/\/www.public08.cz\/author\/#Person","name":"public08.cz\n","url":"https:\/\/www.public08.cz\/author\/","identifier":1,"image":{"@type":"ImageObject","@id":"https:\/\/secure.gravatar.com\/avatar\/4e6a74466e4227c12d5306875d08720cdfce3572213740db6f4a2e5e46e710ff?s=96&d=mm&r=g","url":"https:\/\/secure.gravatar.com\/avatar\/4e6a74466e4227c12d5306875d08720cdfce3572213740db6f4a2e5e46e710ff?s=96&d=mm&r=g","height":96,"width":96}},"publisher":{"@type":"Organization","name":"public08.cz","logo":{"@type":"ImageObject","@id":"\/logo.png","url":"\/logo.png","width":600,"height":60}},"image":null,"wordCount":198,"keywords":null},{"@type":"Article","@id":"https:\/\/www.public08.cz\/garantujeme-jejich-zdravotni-nezavadnost\/","headline":"Garantujeme jejich zdravotn\u00ed nez\u00e1vadnost","url":"https:\/\/www.public08.cz\/garantujeme-jejich-zdravotni-nezavadnost\/","datePublished":"2025-07-30","dateModified":"2025-07-30","mainEntityOfPage":"https:\/\/www.public08.cz\/garantujeme-jejich-zdravotni-nezavadnost\/","author":{"@type":"Person","@id":"https:\/\/www.public08.cz\/author\/#Person","name":"public08.cz\n","url":"https:\/\/www.public08.cz\/author\/","identifier":1,"image":{"@type":"ImageObject","@id":"https:\/\/secure.gravatar.com\/avatar\/4e6a74466e4227c12d5306875d08720cdfce3572213740db6f4a2e5e46e710ff?s=96&d=mm&r=g","url":"https:\/\/secure.gravatar.com\/avatar\/4e6a74466e4227c12d5306875d08720cdfce3572213740db6f4a2e5e46e710ff?s=96&d=mm&r=g","height":96,"width":96}},"publisher":{"@type":"Organization","name":"public08.cz","logo":{"@type":"ImageObject","@id":"\/logo.png","url":"\/logo.png","width":600,"height":60}},"image":null,"wordCount":211,"keywords":null},{"@type":"Article","@id":"https:\/\/www.public08.cz\/manzelsky-stereotyp\/","headline":"Man\u017eelsk\u00fd stereotyp","url":"https:\/\/www.public08.cz\/manzelsky-stereotyp\/","datePublished":"2025-07-22","dateModified":"2025-07-22","mainEntityOfPage":"https:\/\/www.public08.cz\/manzelsky-stereotyp\/","author":{"@type":"Person","@id":"https:\/\/www.public08.cz\/author\/#Person","name":"public08.cz\n","url":"https:\/\/www.public08.cz\/author\/","identifier":1,"image":{"@type":"ImageObject","@id":"https:\/\/secure.gravatar.com\/avatar\/4e6a74466e4227c12d5306875d08720cdfce3572213740db6f4a2e5e46e710ff?s=96&d=mm&r=g","url":"https:\/\/secure.gravatar.com\/avatar\/4e6a74466e4227c12d5306875d08720cdfce3572213740db6f4a2e5e46e710ff?s=96&d=mm&r=g","height":96,"width":96}},"publisher":{"@type":"Organization","name":"public08.cz","logo":{"@type":"ImageObject","@id":"\/logo.png","url":"\/logo.png","width":600,"height":60}},"image":null,"wordCount":218,"keywords":null},{"@type":"Article","@id":"https:\/\/www.public08.cz\/skvela-zalezitost-pro-vas\/","headline":"Skv\u011bl\u00e1 z\u00e1le\u017eitost pro v\u00e1s","url":"https:\/\/www.public08.cz\/skvela-zalezitost-pro-vas\/","datePublished":"2025-07-18","dateModified":"2025-07-18","mainEntityOfPage":"https:\/\/www.public08.cz\/skvela-zalezitost-pro-vas\/","author":{"@type":"Person","@id":"https:\/\/www.public08.cz\/author\/#Person","name":"public08.cz\n","url":"https:\/\/www.public08.cz\/author\/","identifier":1,"image":{"@type":"ImageObject","@id":"https:\/\/secure.gravatar.com\/avatar\/4e6a74466e4227c12d5306875d08720cdfce3572213740db6f4a2e5e46e710ff?s=96&d=mm&r=g","url":"https:\/\/secure.gravatar.com\/avatar\/4e6a74466e4227c12d5306875d08720cdfce3572213740db6f4a2e5e46e710ff?s=96&d=mm&r=g","height":96,"width":96}},"publisher":{"@type":"Organization","name":"public08.cz","logo":{"@type":"ImageObject","@id":"\/logo.png","url":"\/logo.png","width":600,"height":60}},"image":null,"wordCount":219,"keywords":null},{"@type":"Article","@id":"https:\/\/www.public08.cz\/kdyz-skrin-tak-na-miru\/","headline":"Kdy\u017e sk\u0159\u00ed\u0148, tak na m\u00edru","url":"https:\/\/www.public08.cz\/kdyz-skrin-tak-na-miru\/","datePublished":"2025-07-13","dateModified":"2025-07-13","mainEntityOfPage":"https:\/\/www.public08.cz\/kdyz-skrin-tak-na-miru\/","author":{"@type":"Person","@id":"https:\/\/www.public08.cz\/author\/#Person","name":"public08.cz\n","url":"https:\/\/www.public08.cz\/author\/","identifier":1,"image":{"@type":"ImageObject","@id":"https:\/\/secure.gravatar.com\/avatar\/4e6a74466e4227c12d5306875d08720cdfce3572213740db6f4a2e5e46e710ff?s=96&d=mm&r=g","url":"https:\/\/secure.gravatar.com\/avatar\/4e6a74466e4227c12d5306875d08720cdfce3572213740db6f4a2e5e46e710ff?s=96&d=mm&r=g","height":96,"width":96}},"publisher":{"@type":"Organization","name":"public08.cz","logo":{"@type":"ImageObject","@id":"\/logo.png","url":"\/logo.png","width":600,"height":60}},"image":{"@type":"ImageObject","@id":"https:\/\/www.public08.cz\/wp-content\/uploads\/sss_10_10_10_10_10_10_6.jpg","url":"https:\/\/www.public08.cz\/wp-content\/uploads\/sss_10_10_10_10_10_10_6.jpg","height":0,"width":0},"wordCount":627,"keywords":null},{"@type":"Article","@id":"https:\/\/www.public08.cz\/skvele-nakupy-prichazeji\/","headline":"Skv\u011bl\u00e9 n\u00e1kupy p\u0159ich\u00e1zej\u00ed","url":"https:\/\/www.public08.cz\/skvele-nakupy-prichazeji\/","datePublished":"2025-07-11","dateModified":"2025-07-11","mainEntityOfPage":"https:\/\/www.public08.cz\/skvele-nakupy-prichazeji\/","author":{"@type":"Person","@id":"https:\/\/www.public08.cz\/author\/#Person","name":"public08.cz\n","url":"https:\/\/www.public08.cz\/author\/","identifier":1,"image":{"@type":"ImageObject","@id":"https:\/\/secure.gravatar.com\/avatar\/4e6a74466e4227c12d5306875d08720cdfce3572213740db6f4a2e5e46e710ff?s=96&d=mm&r=g","url":"https:\/\/secure.gravatar.com\/avatar\/4e6a74466e4227c12d5306875d08720cdfce3572213740db6f4a2e5e46e710ff?s=96&d=mm&r=g","height":96,"width":96}},"publisher":{"@type":"Organization","name":"public08.cz","logo":{"@type":"ImageObject","@id":"\/logo.png","url":"\/logo.png","width":600,"height":60}},"image":null,"wordCount":214,"keywords":null},{"@type":"Article","@id":"https:\/\/www.public08.cz\/vhodny-pro-firemni-uniformy-i-reklamu\/","headline":"Vhodn\u00fd pro firemn\u00ed uniformy i reklamu","url":"https:\/\/www.public08.cz\/vhodny-pro-firemni-uniformy-i-reklamu\/","datePublished":"2025-07-02","dateModified":"2025-07-02","mainEntityOfPage":"https:\/\/www.public08.cz\/vhodny-pro-firemni-uniformy-i-reklamu\/","author":{"@type":"Person","@id":"https:\/\/www.public08.cz\/author\/#Person","name":"public08.cz\n","url":"https:\/\/www.public08.cz\/author\/","identifier":1,"image":{"@type":"ImageObject","@id":"https:\/\/secure.gravatar.com\/avatar\/4e6a74466e4227c12d5306875d08720cdfce3572213740db6f4a2e5e46e710ff?s=96&d=mm&r=g","url":"https:\/\/secure.gravatar.com\/avatar\/4e6a74466e4227c12d5306875d08720cdfce3572213740db6f4a2e5e46e710ff?s=96&d=mm&r=g","height":96,"width":96}},"publisher":{"@type":"Organization","name":"public08.cz","logo":{"@type":"ImageObject","@id":"\/logo.png","url":"\/logo.png","width":600,"height":60}},"image":null,"wordCount":205,"keywords":null},{"@type":"Article","@id":"https:\/\/www.public08.cz\/uzasna-propracovanost-a-vynikajici-materialy\/","headline":"\u00da\u017easn\u00e1 propracovanost a vynikaj\u00edc\u00ed materi\u00e1ly","url":"https:\/\/www.public08.cz\/uzasna-propracovanost-a-vynikajici-materialy\/","datePublished":"2025-06-26","dateModified":"2025-06-26","mainEntityOfPage":"https:\/\/www.public08.cz\/uzasna-propracovanost-a-vynikajici-materialy\/","author":{"@type":"Person","@id":"https:\/\/www.public08.cz\/author\/#Person","name":"public08.cz\n","url":"https:\/\/www.public08.cz\/author\/","identifier":1,"image":{"@type":"ImageObject","@id":"https:\/\/secure.gravatar.com\/avatar\/4e6a74466e4227c12d5306875d08720cdfce3572213740db6f4a2e5e46e710ff?s=96&d=mm&r=g","url":"https:\/\/secure.gravatar.com\/avatar\/4e6a74466e4227c12d5306875d08720cdfce3572213740db6f4a2e5e46e710ff?s=96&d=mm&r=g","height":96,"width":96}},"publisher":{"@type":"Organization","name":"public08.cz","logo":{"@type":"ImageObject","@id":"\/logo.png","url":"\/logo.png","width":600,"height":60}},"image":null,"wordCount":221,"keywords":null}]},{"@context":"https:\/\/schema.org","@type":"WebSite","@id":"https:\/\/www.public08.cz\/#website","name":"Public08","url":"https:\/\/www.public08.cz","potentialAction":{"@type":"SearchAction","target":"https:\/\/www.public08.cz\/?s={search_term_string}","query-input":"required name=search_term_string"}}]