[{"@context":"https:\/\/schema.org\/","@type":"Article","@id":"https:\/\/www.public08.cz\/nase-ceny-patri-k-nejnizsi\/#Article","mainEntityOfPage":"https:\/\/www.public08.cz\/nase-ceny-patri-k-nejnizsi\/","headline":"Na\u0161e ceny pat\u0159\u00ed k nejni\u017e\u0161\u00ed","name":"Na\u0161e ceny pat\u0159\u00ed k nejni\u017e\u0161\u00ed","description":"M\u00e1te-li z\u00e1jem si u n\u00e1s pronajmout jeden z na\u0161ich voz\u016f, na\u0161e autop\u016fj\u010dovna je V\u00e1m pln\u011b k dispozici. M\u016f\u017eete si vybrat z mnoha typ\u016f vozidel. M\u016f\u017eeme V\u00e1m pronajmout jak klasick\u00e9 sedany, tak i dod\u00e1vky. Na\u0161e ceny pat\u0159\u00ed k nejni\u017e\u0161\u00ed. Nemus\u00edte se tak\u00e9 b\u00e1t \u017e\u00e1dn\u00fdch skryt\u00fdch dodatk\u016f ve smlouv\u00e1ch. Takhle my to ned\u011bl\u00e1me. Na rozd\u00edl o na\u0161i &hellip; <p class=\"link-more\"><a href=\"https:\/\/www.public08.cz\/nase-ceny-patri-k-nejnizsi\/\" class=\"more-link\">Pokra\u010dovat ve \u010dten\u00ed<span class=\"screen-reader-text\"> \"Na\u0161e ceny pat\u0159\u00ed k nejni\u017e\u0161\u00ed\"<\/span><\/a><\/p>","datePublished":"2025-04-19","dateModified":"2025-04-19","author":{"@type":"Person","@id":"https:\/\/www.public08.cz\/author\/#Person","name":"public08.cz\n","url":"https:\/\/www.public08.cz\/author\/","identifier":1,"image":{"@type":"ImageObject","@id":"https:\/\/secure.gravatar.com\/avatar\/4e6a74466e4227c12d5306875d08720cdfce3572213740db6f4a2e5e46e710ff?s=96&d=mm&r=g","url":"https:\/\/secure.gravatar.com\/avatar\/4e6a74466e4227c12d5306875d08720cdfce3572213740db6f4a2e5e46e710ff?s=96&d=mm&r=g","height":96,"width":96}},"publisher":{"@type":"Organization","name":"public08.cz","logo":{"@type":"ImageObject","@id":"\/logo.png","url":"\/logo.png","width":600,"height":60}},"url":"https:\/\/www.public08.cz\/nase-ceny-patri-k-nejnizsi\/","wordCount":182,"articleBody":"M\u00e1te-li z\u00e1jem si u n\u00e1s pronajmout jeden z na\u0161ich voz\u016f, na\u0161e autop\u016fj\u010dovna je V\u00e1m pln\u011b k dispozici. M\u016f\u017eete si vybrat z mnoha typ\u016f vozidel. M\u016f\u017eeme V\u00e1m pronajmout jak klasick\u00e9 sedany, tak i dod\u00e1vky. Na\u0161e ceny pat\u0159\u00ed k nejni\u017e\u0161\u00ed. Nemus\u00edte se tak\u00e9 b\u00e1t \u017e\u00e1dn\u00fdch skryt\u00fdch dodatk\u016f ve smlouv\u00e1ch. Takhle my to ned\u011bl\u00e1me. Na rozd\u00edl o na\u0161i konkurence. Na\u0161e autop\u016fj\u010dovna m\u00e1 sv\u016fj vozov\u00fd park neust\u00e1le modernizov\u00e1n. Tak\u00e9 u na\u0161ich vozidel nech\u00e1v\u00e1me prov\u00e1d\u011bt pravideln\u00e9 a zevrubn\u00e9 technick\u00e9 kontroly. Na\u0161e vozidla defekty nem\u00edvaj\u00ed. Webov\u00e9 str\u00e1nky M\u016f\u017eete n\u00e1s kontaktovat nap\u0159\u00edklad p\u0159es na\u0161e webov\u00e9 str\u00e1nky. Na str\u00e1nk\u00e1ch najdete jak telefon, tak i email na na\u0161i firmu. Na\u0161e autop\u016fj\u010dovna je v provozu non-stop. 24 hodin denn\u011b, 7 dn\u00ed v t\u00fddnu. M\u016f\u017eete n\u00e1s nav\u0161t\u00edvit i o sv\u00e1tc\u00edch. V podstat\u011b kdykoliv se V\u00e1m to hod\u00ed.                                                                                                                                                                                                                                                                                                                                                                                        5\/5 - (1 vote)        "},{"@context":"https:\/\/schema.org\/","@type":"BreadcrumbList","itemListElement":[{"@type":"ListItem","position":1,"name":"Na\u0161e ceny pat\u0159\u00ed k nejni\u017e\u0161\u00ed","item":"https:\/\/www.public08.cz\/nase-ceny-patri-k-nejnizsi\/#breadcrumbitem"}]}]