[{"@context":"https:\/\/schema.org\/","@type":"Article","@id":"https:\/\/www.public08.cz\/dite-potrebuje-svuj-prostor\/#Article","mainEntityOfPage":"https:\/\/www.public08.cz\/dite-potrebuje-svuj-prostor\/","headline":"D\u00edt\u011b pot\u0159ebuje sv\u016fj prostor","name":"D\u00edt\u011b pot\u0159ebuje sv\u016fj prostor","description":"Pokud byste se zeptali d\u00edt\u011bte, kter\u00e9 sp\u00ed ve spole\u010dn\u00e9 lo\u017enici s rodi\u010di, co je jeho nejv\u011bt\u0161\u00edm snem, asi by odpov\u011bd\u011blo, \u017ee je to samostatn\u00fd d\u011btsk\u00fd pokoj. &#8211;\u00a0\u00a0\u00a0\u00a0\u00a0\u00a0\u00a0\u00a0 Pokud m\u00e1me d\u011bt\u00ed v\u00edce, nen\u00ed bezpodm\u00edne\u010dn\u011b nutn\u00e9, aby m\u011blo ka\u017ed\u00e9 z nich sv\u016fj vlastn\u00ed pokoj. &#8211;\u00a0\u00a0\u00a0\u00a0\u00a0\u00a0\u00a0\u00a0 Jen je pot\u0159eba, aby m\u011blo ka\u017ed\u00fd sv\u016fj vlastn\u00ed prostor. K dosa\u017een\u00ed tohoto &hellip; <p class=\"link-more\"><a href=\"https:\/\/www.public08.cz\/dite-potrebuje-svuj-prostor\/\" class=\"more-link\">Pokra\u010dovat ve \u010dten\u00ed<span class=\"screen-reader-text\"> \"D\u00edt\u011b pot\u0159ebuje sv\u016fj prostor\"<\/span><\/a><\/p>","datePublished":"2025-03-02","dateModified":"2023-04-29","author":{"@type":"Person","@id":"https:\/\/www.public08.cz\/author\/#Person","name":"public08.cz\n","url":"https:\/\/www.public08.cz\/author\/","identifier":1,"image":{"@type":"ImageObject","@id":"https:\/\/secure.gravatar.com\/avatar\/4e6a74466e4227c12d5306875d08720cdfce3572213740db6f4a2e5e46e710ff?s=96&d=mm&r=g","url":"https:\/\/secure.gravatar.com\/avatar\/4e6a74466e4227c12d5306875d08720cdfce3572213740db6f4a2e5e46e710ff?s=96&d=mm&r=g","height":96,"width":96}},"publisher":{"@type":"Organization","name":"public08.cz","logo":{"@type":"ImageObject","@id":"\/logo.png","url":"\/logo.png","width":600,"height":60}},"image":{"@type":"ImageObject","@id":"https:\/\/www.public08.cz\/wp-content\/uploads\/img_a287213_w2033_t1497764663.jpg","url":"https:\/\/www.public08.cz\/wp-content\/uploads\/img_a287213_w2033_t1497764663.jpg","height":0,"width":0},"url":"https:\/\/www.public08.cz\/dite-potrebuje-svuj-prostor\/","about":["D\u011bti"],"wordCount":409,"articleBody":"Pokud byste se zeptali d\u00edt\u011bte, kter\u00e9 sp\u00ed ve spole\u010dn\u00e9 lo\u017enici s rodi\u010di, co je jeho nejv\u011bt\u0161\u00edm snem, asi by odpov\u011bd\u011blo, \u017ee je to samostatn\u00fd d\u011btsk\u00fd pokoj.&#8211;\u00a0\u00a0\u00a0\u00a0\u00a0\u00a0\u00a0\u00a0 Pokud m\u00e1me d\u011bt\u00ed v\u00edce, nen\u00ed bezpodm\u00edne\u010dn\u011b nutn\u00e9, aby m\u011blo ka\u017ed\u00e9 z nich sv\u016fj vlastn\u00ed pokoj.&#8211;\u00a0\u00a0\u00a0\u00a0\u00a0\u00a0\u00a0\u00a0 Jen je pot\u0159eba, aby m\u011blo ka\u017ed\u00fd sv\u016fj vlastn\u00ed prostor.K dosa\u017een\u00ed tohoto c\u00edle je zapot\u0159eb\u00ed vybavit d\u011btsk\u00fd pokoj co nejvhodn\u011bji.Podle n\u011bkter\u00fdch bytov\u00fdch architekt\u016f d\u011blaj\u00ed rodi\u010de jednu z\u00e1sadn\u00ed chybu. Ned\u00edvaj\u00ed se na d\u011btsk\u00fd pokoj d\u011btsk\u00fdma o\u010dima, ale o\u010dima dosp\u011bl\u00e9ho \u010dlov\u011bka. To m\u00e1 za n\u00e1sledek vznik pokoje pouze pro praktick\u00e9 vyu\u017eit\u00ed. D\u011bti ale cht\u011bj\u00ed v\u00edce.\u00b7\u00a0\u00a0\u00a0\u00a0\u00a0\u00a0\u00a0 Pokud byste postavili malou sle\u010dnu p\u0159ed rozhodnut\u00ed, jestli si vybere postel s nebesy nebo v\u00e1lendu s \u00falo\u017en\u00fdm prostorem, asi by dlouho nev\u00e1hala.\u00b7\u00a0\u00a0\u00a0\u00a0\u00a0\u00a0\u00a0 A kluk si ur\u010dit\u011b vybere postel, kter\u00e1 se bude v\u00edce podobat bunkru ne\u017eli praktick\u00e9 modern\u00ed posteli.\tZv\u00ed\u0159\u00e1tka kam se pod\u00edv\u00e1\u0161Zcela jist\u011b z\u00e1le\u017e\u00ed i na povle\u010den\u00ed, kter\u00e9 pro svou ratolest zvol\u00edme. Mus\u00edme pamatovat na to, \u017ee ne ka\u017ed\u00e1 sle\u010dna se c\u00edt\u00ed princeznou, a ne ka\u017ed\u00fd kluk je z\u00e1vodn\u00edkem. Proto je pot\u0159eba volit podle osobnosti ka\u017ed\u00e9ho d\u00edt\u011bte.\u00b7\u00a0\u00a0\u00a0\u00a0\u00a0\u00a0\u00a0 Pro\u010d tedy nedop\u0159\u00e1t sv\u00fdm d\u011btem nap\u0159\u00edklad pokoj\u00ed\u010dek, kter\u00fd bude sp\u00ed\u0161e p\u0159ipom\u00ednat zoologickou zahradu.\u00b7\u00a0\u00a0\u00a0\u00a0\u00a0\u00a0\u00a0 T\u00edm nemysl\u00edm, \u017ee v ka\u017ed\u00e9m rohu bude ter\u00e1rium a po podlaze se budou proh\u00e1n\u011bt v\u0161echna mo\u017en\u00e1 zv\u00ed\u0159ata.Povle\u010den\u00ed se zv\u00ed\u0159\u00e1tky jist\u011b ud\u011bl\u00e1 velkou radost a plak\u00e1ty na st\u011bn\u00e1ch s motivy obl\u00edben\u00fdch zv\u00ed\u0159\u00e1tek tak\u00e9 ur\u010dit\u011b neuraz\u00ed.A kdy\u017e u\u017e jsme mluvili o t\u011bch \u017eiv\u00fdch zv\u00ed\u0159atech, tak bych si dovolila jednu pozn\u00e1mku.&#8211;\u00a0\u00a0\u00a0\u00a0\u00a0\u00a0\u00a0\u00a0 Kam se hrabou rozli\u010dn\u00ed savci na zdech a postel\u00edch na ta \u017eiv\u00e1 zv\u00ed\u0159\u00e1tka, kter\u00e1 jdou pomazlit.Odborn\u00edci vhodn\u00e9 zv\u00ed\u0159\u00e1tko pro d\u011bti jen doporu\u010duj\u00ed.D\u011bti se t\u00edm nau\u010d\u00ed zodpov\u011bdnosti. Ale i tady je pot\u0159eba hodn\u011b p\u0159em\u00fd\u0161let. N\u011bkter\u00e9 mal\u00e9 d\u011bti je\u0161t\u011b nejsou zral\u00e9 na to, aby se staraly o \u017eiv\u00e9ho tvora.                                                                                                                                                                                                                                                                                                                                                                                        4.5\/5 - (2 votes)        "},{"@context":"https:\/\/schema.org\/","@type":"BreadcrumbList","itemListElement":[{"@type":"ListItem","position":1,"name":"D\u00edt\u011b pot\u0159ebuje sv\u016fj prostor","item":"https:\/\/www.public08.cz\/dite-potrebuje-svuj-prostor\/#breadcrumbitem"}]}]